{"id":15498,"date":"2021-09-28T17:51:07","date_gmt":"2021-09-28T20:51:07","guid":{"rendered":"https:\/\/www.santafeciudad.gov.ar\/capitalcultural\/?p=15498"},"modified":"2021-10-05T13:55:56","modified_gmt":"2021-10-05T16:55:56","slug":"cantata-sudamericana","status":"publish","type":"post","link":"https:\/\/www.santafeciudad.gov.ar\/capitalcultural\/cantata-sudamericana\/","title":{"rendered":"Cantata Sudamericana"},"content":{"rendered":"\t\t<div data-elementor-type=\"wp-post\" data-elementor-id=\"15498\" class=\"elementor elementor-15498\">\n\t\t\t\t\t\t<section class=\"elementor-section elementor-top-section elementor-element elementor-element-2785afe elementor-section-boxed elementor-section-height-default elementor-section-height-default\" data-id=\"2785afe\" data-element_type=\"section\" data-e-type=\"section\">\n\t\t\t\t\t\t<div class=\"elementor-container elementor-column-gap-default\">\n\t\t\t\t\t<div class=\"elementor-column elementor-col-50 elementor-top-column elementor-element elementor-element-b8cacf5\" data-id=\"b8cacf5\" data-element_type=\"column\" data-e-type=\"column\">\n\t\t\t<div class=\"elementor-widget-wrap\">\n\t\t\t\t\t\t\t<\/div>\n\t\t<\/div>\n\t\t\t\t<div class=\"elementor-column elementor-col-50 elementor-top-column elementor-element elementor-element-bacbf24\" data-id=\"bacbf24\" data-element_type=\"column\" data-e-type=\"column\">\n\t\t\t<div class=\"elementor-widget-wrap elementor-element-populated\">\n\t\t\t\t\t\t<div class=\"elementor-element elementor-element-4106d47 elementor-widget elementor-widget-image\" data-id=\"4106d47\" data-element_type=\"widget\" data-e-type=\"widget\" data-widget_type=\"image.default\">\n\t\t\t\t<div class=\"elementor-widget-container\">\n\t\t\t\t\t\t\t\t\t\t\t\t\t\t\t<img decoding=\"async\" width=\"150\" height=\"150\" src=\"https:\/\/www.santafeciudad.gov.ar\/capitalcultural\/wp-content\/uploads\/2021\/09\/Ariel-Ramirez_logo-150x150.jpg\" class=\"attachment-thumbnail size-thumbnail wp-image-15623\" alt=\"\" srcset=\"https:\/\/www.santafeciudad.gov.ar\/capitalcultural\/wp-content\/uploads\/2021\/09\/Ariel-Ramirez_logo-150x150.jpg 150w, https:\/\/www.santafeciudad.gov.ar\/capitalcultural\/wp-content\/uploads\/2021\/09\/Ariel-Ramirez_logo-300x300.jpg 300w, https:\/\/www.santafeciudad.gov.ar\/capitalcultural\/wp-content\/uploads\/2021\/09\/Ariel-Ramirez_logo-1024x1024.jpg 1024w, https:\/\/www.santafeciudad.gov.ar\/capitalcultural\/wp-content\/uploads\/2021\/09\/Ariel-Ramirez_logo-768x768.jpg 768w, https:\/\/www.santafeciudad.gov.ar\/capitalcultural\/wp-content\/uploads\/2021\/09\/Ariel-Ramirez_logo-400x400.jpg 400w, https:\/\/www.santafeciudad.gov.ar\/capitalcultural\/wp-content\/uploads\/2021\/09\/Ariel-Ramirez_logo-780x780.jpg 780w, https:\/\/www.santafeciudad.gov.ar\/capitalcultural\/wp-content\/uploads\/2021\/09\/Ariel-Ramirez_logo.jpg 1080w\" sizes=\"(max-width: 150px) 100vw, 150px\" \/>\t\t\t\t\t\t\t\t\t\t\t\t\t\t\t<\/div>\n\t\t\t\t<\/div>\n\t\t\t\t\t<\/div>\n\t\t<\/div>\n\t\t\t\t\t<\/div>\n\t\t<\/section>\n\t\t\t\t<section class=\"elementor-section elementor-top-section elementor-element elementor-element-8c134e2 elementor-section-boxed elementor-section-height-default elementor-section-height-default\" data-id=\"8c134e2\" data-element_type=\"section\" data-e-type=\"section\">\n\t\t\t\t\t\t<div class=\"elementor-container elementor-column-gap-default\">\n\t\t\t\t\t<div class=\"elementor-column elementor-col-50 elementor-top-column elementor-element elementor-element-115bedc\" data-id=\"115bedc\" data-element_type=\"column\" data-e-type=\"column\">\n\t\t\t<div class=\"elementor-widget-wrap elementor-element-populated\">\n\t\t\t\t\t\t<div class=\"elementor-element elementor-element-6612c3f elementor-widget elementor-widget-heading\" data-id=\"6612c3f\" data-element_type=\"widget\" data-e-type=\"widget\" data-widget_type=\"heading.default\">\n\t\t\t\t<div class=\"elementor-widget-container\">\n\t\t\t\t\t<h2 class=\"elementor-heading-title elementor-size-default\">Cantata Sudamericana<\/h2>\t\t\t\t<\/div>\n\t\t\t\t<\/div>\n\t\t\t\t\t<\/div>\n\t\t<\/div>\n\t\t\t\t<div class=\"elementor-column elementor-col-50 elementor-top-column elementor-element elementor-element-556aaa4\" data-id=\"556aaa4\" data-element_type=\"column\" data-e-type=\"column\">\n\t\t\t<div class=\"elementor-widget-wrap\">\n\t\t\t\t\t\t\t<\/div>\n\t\t<\/div>\n\t\t\t\t\t<\/div>\n\t\t<\/section>\n\t\t\t\t<section class=\"elementor-section elementor-top-section elementor-element elementor-element-fbef225 elementor-section-boxed elementor-section-height-default elementor-section-height-default\" data-id=\"fbef225\" data-element_type=\"section\" data-e-type=\"section\">\n\t\t\t\t\t\t<div class=\"elementor-container elementor-column-gap-default\">\n\t\t\t\t\t<div class=\"elementor-column elementor-col-100 elementor-top-column elementor-element elementor-element-9bf02da\" data-id=\"9bf02da\" data-element_type=\"column\" data-e-type=\"column\">\n\t\t\t<div class=\"elementor-widget-wrap elementor-element-populated\">\n\t\t\t\t\t\t<div class=\"elementor-element elementor-element-41746a4 elementor-widget elementor-widget-wp-widget-media_audio\" data-id=\"41746a4\" data-element_type=\"widget\" data-e-type=\"widget\" data-widget_type=\"wp-widget-media_audio.default\">\n\t\t\t\t<div class=\"elementor-widget-container\">\n\t\t\t\t\t<audio class=\"wp-audio-shortcode\" id=\"audio-15498-1\" preload=\"none\" style=\"width: 100%;\" controls=\"controls\"><source type=\"audio\/mpeg\" src=\"https:\/\/www.santafeciudad.gov.ar\/capitalcultural\/wp-content\/uploads\/2021\/09\/65.-Es-Sudamerica-mi-voz-Cantata-sudamericana.mp3?_=1\" \/><source type=\"audio\/mpeg\" src=\"https:\/\/www.santafeciudad.gov.ar\/capitalcultural\/wp-content\/uploads\/2021\/09\/65.-Es-Sudamerica-mi-voz-Cantata-sudamericana.mp3?_=1\" \/><a href=\"https:\/\/www.santafeciudad.gov.ar\/capitalcultural\/wp-content\/uploads\/2021\/09\/65.-Es-Sudamerica-mi-voz-Cantata-sudamericana.mp3\">https:\/\/www.santafeciudad.gov.ar\/capitalcultural\/wp-content\/uploads\/2021\/09\/65.-Es-Sudamerica-mi-voz-Cantata-sudamericana.mp3<\/a><\/audio>\t\t\t\t<\/div>\n\t\t\t\t<\/div>\n\t\t\t\t<div class=\"elementor-element elementor-element-baafc71 elementor-widget elementor-widget-text-editor\" data-id=\"baafc71\" data-element_type=\"widget\" data-e-type=\"widget\" data-widget_type=\"text-editor.default\">\n\t\t\t\t<div class=\"elementor-widget-container\">\n\t\t\t\t\t\t\t\t\t<p>65. Es Sudam\u00e9rica mi voz (Cantata sudamericana)<\/p>\t\t\t\t\t\t\t\t<\/div>\n\t\t\t\t<\/div>\n\t\t\t\t<div class=\"elementor-element elementor-element-1019592 elementor-widget elementor-widget-wp-widget-media_audio\" data-id=\"1019592\" data-element_type=\"widget\" data-e-type=\"widget\" data-widget_type=\"wp-widget-media_audio.default\">\n\t\t\t\t<div class=\"elementor-widget-container\">\n\t\t\t\t\t<audio class=\"wp-audio-shortcode\" id=\"audio-15498-2\" preload=\"none\" style=\"width: 100%;\" controls=\"controls\"><source type=\"audio\/mpeg\" src=\"https:\/\/www.santafeciudad.gov.ar\/capitalcultural\/wp-content\/uploads\/2021\/09\/66.-Canta-tu-cancion-Cantata-sudamericana.mp3?_=2\" \/><source type=\"audio\/mpeg\" src=\"https:\/\/www.santafeciudad.gov.ar\/capitalcultural\/wp-content\/uploads\/2021\/09\/66.-Canta-tu-cancion-Cantata-sudamericana.mp3?_=2\" \/><a href=\"https:\/\/www.santafeciudad.gov.ar\/capitalcultural\/wp-content\/uploads\/2021\/09\/66.-Canta-tu-cancion-Cantata-sudamericana.mp3\">https:\/\/www.santafeciudad.gov.ar\/capitalcultural\/wp-content\/uploads\/2021\/09\/66.-Canta-tu-cancion-Cantata-sudamericana.mp3<\/a><\/audio>\t\t\t\t<\/div>\n\t\t\t\t<\/div>\n\t\t\t\t<div class=\"elementor-element elementor-element-badcef2 elementor-widget elementor-widget-text-editor\" data-id=\"badcef2\" data-element_type=\"widget\" data-e-type=\"widget\" data-widget_type=\"text-editor.default\">\n\t\t\t\t<div class=\"elementor-widget-container\">\n\t\t\t\t\t\t\t\t\t<p>66. Canta tu canci\u00f3n (Cantata sudamericana)<\/p>\t\t\t\t\t\t\t\t<\/div>\n\t\t\t\t<\/div>\n\t\t\t\t<div class=\"elementor-element elementor-element-8b277bc elementor-widget elementor-widget-wp-widget-media_audio\" data-id=\"8b277bc\" data-element_type=\"widget\" data-e-type=\"widget\" data-widget_type=\"wp-widget-media_audio.default\">\n\t\t\t\t<div class=\"elementor-widget-container\">\n\t\t\t\t\t<audio class=\"wp-audio-shortcode\" id=\"audio-15498-3\" preload=\"none\" style=\"width: 100%;\" controls=\"controls\"><source type=\"audio\/mpeg\" src=\"https:\/\/www.santafeciudad.gov.ar\/capitalcultural\/wp-content\/uploads\/2021\/09\/67.-Antiguos-duenos-de-flechas-Cantata-sudamericana.mp3?_=3\" \/><source type=\"audio\/mpeg\" src=\"https:\/\/www.santafeciudad.gov.ar\/capitalcultural\/wp-content\/uploads\/2021\/09\/67.-Antiguos-duenos-de-flechas-Cantata-sudamericana.mp3?_=3\" \/><a href=\"https:\/\/www.santafeciudad.gov.ar\/capitalcultural\/wp-content\/uploads\/2021\/09\/67.-Antiguos-duenos-de-flechas-Cantata-sudamericana.mp3\">https:\/\/www.santafeciudad.gov.ar\/capitalcultural\/wp-content\/uploads\/2021\/09\/67.-Antiguos-duenos-de-flechas-Cantata-sudamericana.mp3<\/a><\/audio>\t\t\t\t<\/div>\n\t\t\t\t<\/div>\n\t\t\t\t<div class=\"elementor-element elementor-element-7aa3448 elementor-widget elementor-widget-text-editor\" data-id=\"7aa3448\" data-element_type=\"widget\" data-e-type=\"widget\" data-widget_type=\"text-editor.default\">\n\t\t\t\t<div class=\"elementor-widget-container\">\n\t\t\t\t\t\t\t\t\t<p>67. Antiguos due\u00f1os de flechas (Cantata sudamericana)<\/p>\t\t\t\t\t\t\t\t<\/div>\n\t\t\t\t<\/div>\n\t\t\t\t<div class=\"elementor-element elementor-element-3c4f190 elementor-widget elementor-widget-wp-widget-media_audio\" data-id=\"3c4f190\" data-element_type=\"widget\" data-e-type=\"widget\" data-widget_type=\"wp-widget-media_audio.default\">\n\t\t\t\t<div class=\"elementor-widget-container\">\n\t\t\t\t\t<audio class=\"wp-audio-shortcode\" id=\"audio-15498-4\" preload=\"none\" style=\"width: 100%;\" controls=\"controls\"><source type=\"audio\/mpeg\" src=\"https:\/\/www.santafeciudad.gov.ar\/capitalcultural\/wp-content\/uploads\/2021\/09\/68.-Pampa-del-sur-Cantata-sudamericana.mp3?_=4\" \/><source type=\"audio\/mpeg\" src=\"https:\/\/www.santafeciudad.gov.ar\/capitalcultural\/wp-content\/uploads\/2021\/09\/68.-Pampa-del-sur-Cantata-sudamericana.mp3?_=4\" \/><a href=\"https:\/\/www.santafeciudad.gov.ar\/capitalcultural\/wp-content\/uploads\/2021\/09\/68.-Pampa-del-sur-Cantata-sudamericana.mp3\">https:\/\/www.santafeciudad.gov.ar\/capitalcultural\/wp-content\/uploads\/2021\/09\/68.-Pampa-del-sur-Cantata-sudamericana.mp3<\/a><\/audio>\t\t\t\t<\/div>\n\t\t\t\t<\/div>\n\t\t\t\t<div class=\"elementor-element elementor-element-0eb8eff elementor-widget elementor-widget-text-editor\" data-id=\"0eb8eff\" data-element_type=\"widget\" data-e-type=\"widget\" data-widget_type=\"text-editor.default\">\n\t\t\t\t<div class=\"elementor-widget-container\">\n\t\t\t\t\t\t\t\t\t<p>68. Pampa del sur (Cantata sudamericana)<\/p>\t\t\t\t\t\t\t\t<\/div>\n\t\t\t\t<\/div>\n\t\t\t\t<div class=\"elementor-element elementor-element-c8759e9 elementor-widget elementor-widget-wp-widget-media_audio\" data-id=\"c8759e9\" data-element_type=\"widget\" data-e-type=\"widget\" data-widget_type=\"wp-widget-media_audio.default\">\n\t\t\t\t<div class=\"elementor-widget-container\">\n\t\t\t\t\t<audio class=\"wp-audio-shortcode\" id=\"audio-15498-5\" preload=\"none\" style=\"width: 100%;\" controls=\"controls\"><source type=\"audio\/mpeg\" src=\"https:\/\/www.santafeciudad.gov.ar\/capitalcultural\/wp-content\/uploads\/2021\/09\/69.-Acercate-cholito-Cantata-sudamericana.mp3?_=5\" \/><source type=\"audio\/mpeg\" src=\"https:\/\/www.santafeciudad.gov.ar\/capitalcultural\/wp-content\/uploads\/2021\/09\/69.-Acercate-cholito-Cantata-sudamericana.mp3?_=5\" \/><a href=\"https:\/\/www.santafeciudad.gov.ar\/capitalcultural\/wp-content\/uploads\/2021\/09\/69.-Acercate-cholito-Cantata-sudamericana.mp3\">https:\/\/www.santafeciudad.gov.ar\/capitalcultural\/wp-content\/uploads\/2021\/09\/69.-Acercate-cholito-Cantata-sudamericana.mp3<\/a><\/audio>\t\t\t\t<\/div>\n\t\t\t\t<\/div>\n\t\t\t\t<div class=\"elementor-element elementor-element-e5dfc00 elementor-widget elementor-widget-text-editor\" data-id=\"e5dfc00\" data-element_type=\"widget\" data-e-type=\"widget\" data-widget_type=\"text-editor.default\">\n\t\t\t\t<div class=\"elementor-widget-container\">\n\t\t\t\t\t\t\t\t\t<p>69. Ac\u00e9rcate cholito (Cantata sudamericana)<\/p>\t\t\t\t\t\t\t\t<\/div>\n\t\t\t\t<\/div>\n\t\t\t\t<div class=\"elementor-element elementor-element-1c172ba elementor-widget elementor-widget-wp-widget-media_audio\" data-id=\"1c172ba\" data-element_type=\"widget\" data-e-type=\"widget\" data-widget_type=\"wp-widget-media_audio.default\">\n\t\t\t\t<div class=\"elementor-widget-container\">\n\t\t\t\t\t<audio class=\"wp-audio-shortcode\" id=\"audio-15498-6\" preload=\"none\" style=\"width: 100%;\" controls=\"controls\"><source type=\"audio\/mpeg\" src=\"https:\/\/www.santafeciudad.gov.ar\/capitalcultural\/wp-content\/uploads\/2021\/09\/70.-Oracion-al-sol-Cantata-sudamericana.mp3?_=6\" \/><source type=\"audio\/mpeg\" src=\"https:\/\/www.santafeciudad.gov.ar\/capitalcultural\/wp-content\/uploads\/2021\/09\/70.-Oracion-al-sol-Cantata-sudamericana.mp3?_=6\" \/><a href=\"https:\/\/www.santafeciudad.gov.ar\/capitalcultural\/wp-content\/uploads\/2021\/09\/70.-Oracion-al-sol-Cantata-sudamericana.mp3\">https:\/\/www.santafeciudad.gov.ar\/capitalcultural\/wp-content\/uploads\/2021\/09\/70.-Oracion-al-sol-Cantata-sudamericana.mp3<\/a><\/audio>\t\t\t\t<\/div>\n\t\t\t\t<\/div>\n\t\t\t\t<div class=\"elementor-element elementor-element-885fc4c elementor-widget elementor-widget-text-editor\" data-id=\"885fc4c\" data-element_type=\"widget\" data-e-type=\"widget\" data-widget_type=\"text-editor.default\">\n\t\t\t\t<div class=\"elementor-widget-container\">\n\t\t\t\t\t\t\t\t\t<p>70. Oraci\u00f3n al sol (Cantata sudamericana)<\/p>\t\t\t\t\t\t\t\t<\/div>\n\t\t\t\t<\/div>\n\t\t\t\t<div class=\"elementor-element elementor-element-0f6aa9c elementor-widget elementor-widget-wp-widget-media_audio\" data-id=\"0f6aa9c\" data-element_type=\"widget\" data-e-type=\"widget\" data-widget_type=\"wp-widget-media_audio.default\">\n\t\t\t\t<div class=\"elementor-widget-container\">\n\t\t\t\t\t<audio class=\"wp-audio-shortcode\" id=\"audio-15498-7\" preload=\"none\" style=\"width: 100%;\" controls=\"controls\"><source type=\"audio\/mpeg\" src=\"https:\/\/www.santafeciudad.gov.ar\/capitalcultural\/wp-content\/uploads\/2021\/09\/71.-Sudamericano-en-Nueva-York-Cantata-sudamericana.mp3?_=7\" \/><source type=\"audio\/mpeg\" src=\"https:\/\/www.santafeciudad.gov.ar\/capitalcultural\/wp-content\/uploads\/2021\/09\/71.-Sudamericano-en-Nueva-York-Cantata-sudamericana.mp3?_=7\" \/><a href=\"https:\/\/www.santafeciudad.gov.ar\/capitalcultural\/wp-content\/uploads\/2021\/09\/71.-Sudamericano-en-Nueva-York-Cantata-sudamericana.mp3\">https:\/\/www.santafeciudad.gov.ar\/capitalcultural\/wp-content\/uploads\/2021\/09\/71.-Sudamericano-en-Nueva-York-Cantata-sudamericana.mp3<\/a><\/audio>\t\t\t\t<\/div>\n\t\t\t\t<\/div>\n\t\t\t\t<div class=\"elementor-element elementor-element-cb0cea5 elementor-widget elementor-widget-text-editor\" data-id=\"cb0cea5\" data-element_type=\"widget\" data-e-type=\"widget\" data-widget_type=\"text-editor.default\">\n\t\t\t\t<div class=\"elementor-widget-container\">\n\t\t\t\t\t\t\t\t\t<p>71. Sudamericano en Nueva York (Cantata sudamericana)<\/p>\t\t\t\t\t\t\t\t<\/div>\n\t\t\t\t<\/div>\n\t\t\t\t<div class=\"elementor-element elementor-element-2c36516 elementor-widget elementor-widget-wp-widget-media_audio\" data-id=\"2c36516\" data-element_type=\"widget\" data-e-type=\"widget\" data-widget_type=\"wp-widget-media_audio.default\">\n\t\t\t\t<div class=\"elementor-widget-container\">\n\t\t\t\t\t<audio class=\"wp-audio-shortcode\" id=\"audio-15498-8\" preload=\"none\" style=\"width: 100%;\" controls=\"controls\"><source type=\"audio\/mpeg\" src=\"https:\/\/www.santafeciudad.gov.ar\/capitalcultural\/wp-content\/uploads\/2021\/09\/72.-Alcen-la-bandera-Cantata-sudamericana.mp3?_=8\" \/><source type=\"audio\/mpeg\" src=\"https:\/\/www.santafeciudad.gov.ar\/capitalcultural\/wp-content\/uploads\/2021\/09\/72.-Alcen-la-bandera-Cantata-sudamericana.mp3?_=8\" \/><a href=\"https:\/\/www.santafeciudad.gov.ar\/capitalcultural\/wp-content\/uploads\/2021\/09\/72.-Alcen-la-bandera-Cantata-sudamericana.mp3\">https:\/\/www.santafeciudad.gov.ar\/capitalcultural\/wp-content\/uploads\/2021\/09\/72.-Alcen-la-bandera-Cantata-sudamericana.mp3<\/a><\/audio>\t\t\t\t<\/div>\n\t\t\t\t<\/div>\n\t\t\t\t<div class=\"elementor-element elementor-element-3f1d68a elementor-widget elementor-widget-text-editor\" data-id=\"3f1d68a\" data-element_type=\"widget\" data-e-type=\"widget\" data-widget_type=\"text-editor.default\">\n\t\t\t\t<div class=\"elementor-widget-container\">\n\t\t\t\t\t\t\t\t\t<p>72. Alcen la bandera (Cantata sudamericana)<\/p>\t\t\t\t\t\t\t\t<\/div>\n\t\t\t\t<\/div>\n\t\t\t\t<div class=\"elementor-element elementor-element-0a49266 elementor-mobile-align-center elementor-align-center elementor-widget elementor-widget-button\" data-id=\"0a49266\" data-element_type=\"widget\" data-e-type=\"widget\" data-widget_type=\"button.default\">\n\t\t\t\t<div class=\"elementor-widget-container\">\n\t\t\t\t\t\t\t\t\t<div class=\"elementor-button-wrapper\">\n\t\t\t\t\t<a class=\"elementor-button elementor-button-link elementor-size-md elementor-animation-grow\" href=\"https:\/\/www.santafeciudad.gov.ar\/capitalcultural\/ariel-ramirez\/100-anios-100-canciones\/\">\n\t\t\t\t\t\t<span class=\"elementor-button-content-wrapper\">\n\t\t\t\t\t\t\t\t\t<span class=\"elementor-button-text\">Acced\u00e9 a la lista completa <br>100 a\u00f1os - 100 canciones<\/span>\n\t\t\t\t\t<\/span>\n\t\t\t\t\t<\/a>\n\t\t\t\t<\/div>\n\t\t\t\t\t\t\t\t<\/div>\n\t\t\t\t<\/div>\n\t\t\t\t\t<\/div>\n\t\t<\/div>\n\t\t\t\t\t<\/div>\n\t\t<\/section>\n\t\t\t\t<\/div>\n\t\t","protected":false},"excerpt":{"rendered":"<p>Cantata Sudamericana 65. Es Sudam\u00e9rica mi voz (Cantata sudamericana) 66. Canta tu canci\u00f3n (Cantata sudamericana) 67. Antiguos due\u00f1os de flechas [&hellip;]<\/p>\n","protected":false},"author":3,"featured_media":0,"comment_status":"closed","ping_status":"closed","sticky":false,"template":"elementor_header_footer","format":"audio","meta":{"site-sidebar-layout":"default","site-content-layout":"","ast-site-content-layout":"default","site-content-style":"default","site-sidebar-style":"default","ast-global-header-display":"","ast-banner-title-visibility":"","ast-main-header-display":"","ast-hfb-above-header-display":"","ast-hfb-below-header-display":"","ast-hfb-mobile-header-display":"","site-post-title":"","ast-breadcrumbs-content":"","ast-featured-img":"","footer-sml-layout":"","ast-disable-related-posts":"","theme-transparent-header-meta":"","adv-header-id-meta":"","stick-header-meta":"","header-above-stick-meta":"","header-main-stick-meta":"","header-below-stick-meta":"","astra-migrate-meta-layouts":"default","ast-page-background-enabled":"default","ast-page-background-meta":{"desktop":{"background-color":"var(--ast-global-color-5)","background-image":"","background-repeat":"repeat","background-position":"center center","background-size":"auto","background-attachment":"scroll","background-type":"","background-media":"","overlay-type":"","overlay-color":"","overlay-opacity":"","overlay-gradient":""},"tablet":{"background-color":"","background-image":"","background-repeat":"repeat","background-position":"center center","background-size":"auto","background-attachment":"scroll","background-type":"","background-media":"","overlay-type":"","overlay-color":"","overlay-opacity":"","overlay-gradient":""},"mobile":{"background-color":"","background-image":"","background-repeat":"repeat","background-position":"center center","background-size":"auto","background-attachment":"scroll","background-type":"","background-media":"","overlay-type":"","overlay-color":"","overlay-opacity":"","overlay-gradient":""}},"ast-content-background-meta":{"desktop":{"background-color":"var(--ast-global-color-4)","background-image":"","background-repeat":"repeat","background-position":"center center","background-size":"auto","background-attachment":"scroll","background-type":"","background-media":"","overlay-type":"","overlay-color":"","overlay-opacity":"","overlay-gradient":""},"tablet":{"background-color":"var(--ast-global-color-4)","background-image":"","background-repeat":"repeat","background-position":"center center","background-size":"auto","background-attachment":"scroll","background-type":"","background-media":"","overlay-type":"","overlay-color":"","overlay-opacity":"","overlay-gradient":""},"mobile":{"background-color":"var(--ast-global-color-4)","background-image":"","background-repeat":"repeat","background-position":"center center","background-size":"auto","background-attachment":"scroll","background-type":"","background-media":"","overlay-type":"","overlay-color":"","overlay-opacity":"","overlay-gradient":""}},"footnotes":""},"categories":[237],"tags":[],"class_list":["post-15498","post","type-post","status-publish","format-audio","hentry","category-musica","post_format-post-format-audio"],"yoast_head":"<!-- This site is optimized with the Yoast SEO plugin v28.2 - https:\/\/yoast.com\/product\/yoast-seo-wordpress\/ -->\n<title>Cantata Sudamericana - Capital Cultural<\/title>\n<meta name=\"robots\" content=\"index, follow, max-snippet:-1, max-image-preview:large, max-video-preview:-1\" \/>\n<link rel=\"canonical\" href=\"https:\/\/www.santafeciudad.gov.ar\/capitalcultural\/cantata-sudamericana\/\" \/>\n<meta property=\"og:locale\" content=\"es_ES\" \/>\n<meta property=\"og:type\" content=\"article\" \/>\n<meta property=\"og:title\" content=\"Cantata Sudamericana - Capital Cultural\" \/>\n<meta property=\"og:description\" content=\"Cantata Sudamericana 65. Es Sudam\u00e9rica mi voz (Cantata sudamericana) 66. Canta tu canci\u00f3n (Cantata sudamericana) 67. Antiguos due\u00f1os de flechas [&hellip;]\" \/>\n<meta property=\"og:url\" content=\"https:\/\/www.santafeciudad.gov.ar\/capitalcultural\/cantata-sudamericana\/\" \/>\n<meta property=\"og:site_name\" content=\"Capital Cultural\" \/>\n<meta property=\"article:publisher\" content=\"https:\/\/www.facebook.com\/SantaFeCapitalok\/\" \/>\n<meta property=\"article:published_time\" content=\"2021-09-28T20:51:07+00:00\" \/>\n<meta property=\"article:modified_time\" content=\"2021-10-05T16:55:56+00:00\" \/>\n<meta property=\"og:image\" content=\"https:\/\/www.santafeciudad.gov.ar\/capitalcultural\/wp-content\/uploads\/2021\/09\/Ariel-Ramirez_logo-150x150.jpg\" \/>\n<meta name=\"author\" content=\"Esteban Maximiliano C\u00f3rdoba\" \/>\n<meta name=\"twitter:card\" content=\"summary_large_image\" \/>\n<meta name=\"twitter:creator\" content=\"@_SantaFeCapital\" \/>\n<meta name=\"twitter:site\" content=\"@_SantaFeCapital\" \/>\n<meta name=\"twitter:label1\" content=\"Escrito por\" \/>\n\t<meta name=\"twitter:data1\" content=\"Esteban Maximiliano C\u00f3rdoba\" \/>\n\t<meta name=\"twitter:label2\" content=\"Tiempo de lectura\" \/>\n\t<meta name=\"twitter:data2\" content=\"1 minuto\" \/>\n<script type=\"application\/ld+json\" class=\"yoast-schema-graph\">{\"@context\":\"https:\\\/\\\/schema.org\",\"@graph\":[{\"@type\":[\"Article\",\"SocialMediaPosting\"],\"@id\":\"https:\\\/\\\/www.santafeciudad.gov.ar\\\/capitalcultural\\\/cantata-sudamericana\\\/#article\",\"isPartOf\":{\"@id\":\"https:\\\/\\\/www.santafeciudad.gov.ar\\\/capitalcultural\\\/cantata-sudamericana\\\/\"},\"author\":{\"name\":\"Esteban Maximiliano C\u00f3rdoba\",\"@id\":\"https:\\\/\\\/www.santafeciudad.gov.ar\\\/capitalcultural\\\/#\\\/schema\\\/person\\\/7f35c80f3615b859797fcf3acc28bfe8\"},\"headline\":\"Cantata Sudamericana\",\"datePublished\":\"2021-09-28T20:51:07+00:00\",\"dateModified\":\"2021-10-05T16:55:56+00:00\",\"mainEntityOfPage\":{\"@id\":\"https:\\\/\\\/www.santafeciudad.gov.ar\\\/capitalcultural\\\/cantata-sudamericana\\\/\"},\"wordCount\":60,\"publisher\":{\"@id\":\"https:\\\/\\\/www.santafeciudad.gov.ar\\\/capitalcultural\\\/#organization\"},\"image\":{\"@id\":\"https:\\\/\\\/www.santafeciudad.gov.ar\\\/capitalcultural\\\/cantata-sudamericana\\\/#primaryimage\"},\"thumbnailUrl\":\"https:\\\/\\\/www.santafeciudad.gov.ar\\\/capitalcultural\\\/wp-content\\\/uploads\\\/2021\\\/09\\\/Ariel-Ramirez_logo-150x150.jpg\",\"articleSection\":[\"M\u00fasica en vivo\"],\"inLanguage\":\"es-AR\"},{\"@type\":\"WebPage\",\"@id\":\"https:\\\/\\\/www.santafeciudad.gov.ar\\\/capitalcultural\\\/cantata-sudamericana\\\/\",\"url\":\"https:\\\/\\\/www.santafeciudad.gov.ar\\\/capitalcultural\\\/cantata-sudamericana\\\/\",\"name\":\"Cantata Sudamericana - Capital Cultural\",\"isPartOf\":{\"@id\":\"https:\\\/\\\/www.santafeciudad.gov.ar\\\/capitalcultural\\\/#website\"},\"primaryImageOfPage\":{\"@id\":\"https:\\\/\\\/www.santafeciudad.gov.ar\\\/capitalcultural\\\/cantata-sudamericana\\\/#primaryimage\"},\"image\":{\"@id\":\"https:\\\/\\\/www.santafeciudad.gov.ar\\\/capitalcultural\\\/cantata-sudamericana\\\/#primaryimage\"},\"thumbnailUrl\":\"https:\\\/\\\/www.santafeciudad.gov.ar\\\/capitalcultural\\\/wp-content\\\/uploads\\\/2021\\\/09\\\/Ariel-Ramirez_logo-150x150.jpg\",\"datePublished\":\"2021-09-28T20:51:07+00:00\",\"dateModified\":\"2021-10-05T16:55:56+00:00\",\"breadcrumb\":{\"@id\":\"https:\\\/\\\/www.santafeciudad.gov.ar\\\/capitalcultural\\\/cantata-sudamericana\\\/#breadcrumb\"},\"inLanguage\":\"es-AR\",\"potentialAction\":[{\"@type\":\"ReadAction\",\"target\":[\"https:\\\/\\\/www.santafeciudad.gov.ar\\\/capitalcultural\\\/cantata-sudamericana\\\/\"]}]},{\"@type\":\"ImageObject\",\"inLanguage\":\"es-AR\",\"@id\":\"https:\\\/\\\/www.santafeciudad.gov.ar\\\/capitalcultural\\\/cantata-sudamericana\\\/#primaryimage\",\"url\":\"https:\\\/\\\/www.santafeciudad.gov.ar\\\/capitalcultural\\\/wp-content\\\/uploads\\\/2021\\\/09\\\/Ariel-Ramirez_logo.jpg\",\"contentUrl\":\"https:\\\/\\\/www.santafeciudad.gov.ar\\\/capitalcultural\\\/wp-content\\\/uploads\\\/2021\\\/09\\\/Ariel-Ramirez_logo.jpg\",\"width\":1080,\"height\":1080},{\"@type\":\"BreadcrumbList\",\"@id\":\"https:\\\/\\\/www.santafeciudad.gov.ar\\\/capitalcultural\\\/cantata-sudamericana\\\/#breadcrumb\",\"itemListElement\":[{\"@type\":\"ListItem\",\"position\":1,\"name\":\"Inicio\",\"item\":\"https:\\\/\\\/www.santafeciudad.gov.ar\\\/capitalcultural\\\/\"},{\"@type\":\"ListItem\",\"position\":2,\"name\":\"Audio\",\"item\":\"https:\\\/\\\/www.santafeciudad.gov.ar\\\/capitalcultural\\\/type\\\/audio\\\/\"},{\"@type\":\"ListItem\",\"position\":3,\"name\":\"Cantata Sudamericana\"}]},{\"@type\":\"WebSite\",\"@id\":\"https:\\\/\\\/www.santafeciudad.gov.ar\\\/capitalcultural\\\/#website\",\"url\":\"https:\\\/\\\/www.santafeciudad.gov.ar\\\/capitalcultural\\\/\",\"name\":\"Capital Cultural\",\"description\":\"Secretaria de Cultura\",\"publisher\":{\"@id\":\"https:\\\/\\\/www.santafeciudad.gov.ar\\\/capitalcultural\\\/#organization\"},\"potentialAction\":[{\"@type\":\"SearchAction\",\"target\":{\"@type\":\"EntryPoint\",\"urlTemplate\":\"https:\\\/\\\/www.santafeciudad.gov.ar\\\/capitalcultural\\\/?s={search_term_string}\"},\"query-input\":{\"@type\":\"PropertyValueSpecification\",\"valueRequired\":true,\"valueName\":\"search_term_string\"}}],\"inLanguage\":\"es-AR\"},{\"@type\":\"Organization\",\"@id\":\"https:\\\/\\\/www.santafeciudad.gov.ar\\\/capitalcultural\\\/#organization\",\"name\":\"Municipalidad de la ciudad de Santa Fe\",\"alternateName\":\"Municipalidad de Santa Fe\",\"url\":\"https:\\\/\\\/www.santafeciudad.gov.ar\\\/capitalcultural\\\/\",\"logo\":{\"@type\":\"ImageObject\",\"inLanguage\":\"es-AR\",\"@id\":\"https:\\\/\\\/www.santafeciudad.gov.ar\\\/capitalcultural\\\/#\\\/schema\\\/logo\\\/image\\\/\",\"url\":\"https:\\\/\\\/www.santafeciudad.gov.ar\\\/capitalcultural\\\/wp-content\\\/uploads\\\/2020\\\/06\\\/SantaFeCapital_Logo_800x400-e1591880179119.png\",\"contentUrl\":\"https:\\\/\\\/www.santafeciudad.gov.ar\\\/capitalcultural\\\/wp-content\\\/uploads\\\/2020\\\/06\\\/SantaFeCapital_Logo_800x400-e1591880179119.png\",\"width\":400,\"height\":200,\"caption\":\"Municipalidad de la ciudad de Santa Fe\"},\"image\":{\"@id\":\"https:\\\/\\\/www.santafeciudad.gov.ar\\\/capitalcultural\\\/#\\\/schema\\\/logo\\\/image\\\/\"},\"sameAs\":[\"https:\\\/\\\/www.facebook.com\\\/SantaFeCapitalok\\\/\",\"https:\\\/\\\/x.com\\\/_SantaFeCapital\",\"https:\\\/\\\/www.instagram.com\\\/cultura.santafecapital\\\/\"]},{\"@type\":\"Person\",\"@id\":\"https:\\\/\\\/www.santafeciudad.gov.ar\\\/capitalcultural\\\/#\\\/schema\\\/person\\\/7f35c80f3615b859797fcf3acc28bfe8\",\"name\":\"Esteban Maximiliano C\u00f3rdoba\",\"image\":{\"@type\":\"ImageObject\",\"inLanguage\":\"es-AR\",\"@id\":\"https:\\\/\\\/secure.gravatar.com\\\/avatar\\\/4f9a63466c8d617e4245f5fc4d4b86edce651b2c07d94cfc85ca3c87579a24d1?s=96&d=mm&r=g\",\"url\":\"https:\\\/\\\/secure.gravatar.com\\\/avatar\\\/4f9a63466c8d617e4245f5fc4d4b86edce651b2c07d94cfc85ca3c87579a24d1?s=96&d=mm&r=g\",\"contentUrl\":\"https:\\\/\\\/secure.gravatar.com\\\/avatar\\\/4f9a63466c8d617e4245f5fc4d4b86edce651b2c07d94cfc85ca3c87579a24d1?s=96&d=mm&r=g\",\"caption\":\"Esteban Maximiliano C\u00f3rdoba\"},\"url\":\"https:\\\/\\\/www.santafeciudad.gov.ar\\\/capitalcultural\\\/author\\\/ecordoba\\\/\"}]}<\/script>\n<!-- \/ Yoast SEO plugin. -->","yoast_head_json":{"title":"Cantata Sudamericana - Capital Cultural","robots":{"index":"index","follow":"follow","max-snippet":"max-snippet:-1","max-image-preview":"max-image-preview:large","max-video-preview":"max-video-preview:-1"},"canonical":"https:\/\/www.santafeciudad.gov.ar\/capitalcultural\/cantata-sudamericana\/","og_locale":"es_ES","og_type":"article","og_title":"Cantata Sudamericana - Capital Cultural","og_description":"Cantata Sudamericana 65. Es Sudam\u00e9rica mi voz (Cantata sudamericana) 66. Canta tu canci\u00f3n (Cantata sudamericana) 67. Antiguos due\u00f1os de flechas [&hellip;]","og_url":"https:\/\/www.santafeciudad.gov.ar\/capitalcultural\/cantata-sudamericana\/","og_site_name":"Capital Cultural","article_publisher":"https:\/\/www.facebook.com\/SantaFeCapitalok\/","article_published_time":"2021-09-28T20:51:07+00:00","article_modified_time":"2021-10-05T16:55:56+00:00","og_image":[{"url":"https:\/\/www.santafeciudad.gov.ar\/capitalcultural\/wp-content\/uploads\/2021\/09\/Ariel-Ramirez_logo-150x150.jpg","type":"","width":"","height":""}],"author":"Esteban Maximiliano C\u00f3rdoba","twitter_card":"summary_large_image","twitter_creator":"@_SantaFeCapital","twitter_site":"@_SantaFeCapital","twitter_misc":{"Escrito por":"Esteban Maximiliano C\u00f3rdoba","Tiempo de lectura":"1 minuto"},"schema":{"@context":"https:\/\/schema.org","@graph":[{"@type":["Article","SocialMediaPosting"],"@id":"https:\/\/www.santafeciudad.gov.ar\/capitalcultural\/cantata-sudamericana\/#article","isPartOf":{"@id":"https:\/\/www.santafeciudad.gov.ar\/capitalcultural\/cantata-sudamericana\/"},"author":{"name":"Esteban Maximiliano C\u00f3rdoba","@id":"https:\/\/www.santafeciudad.gov.ar\/capitalcultural\/#\/schema\/person\/7f35c80f3615b859797fcf3acc28bfe8"},"headline":"Cantata Sudamericana","datePublished":"2021-09-28T20:51:07+00:00","dateModified":"2021-10-05T16:55:56+00:00","mainEntityOfPage":{"@id":"https:\/\/www.santafeciudad.gov.ar\/capitalcultural\/cantata-sudamericana\/"},"wordCount":60,"publisher":{"@id":"https:\/\/www.santafeciudad.gov.ar\/capitalcultural\/#organization"},"image":{"@id":"https:\/\/www.santafeciudad.gov.ar\/capitalcultural\/cantata-sudamericana\/#primaryimage"},"thumbnailUrl":"https:\/\/www.santafeciudad.gov.ar\/capitalcultural\/wp-content\/uploads\/2021\/09\/Ariel-Ramirez_logo-150x150.jpg","articleSection":["M\u00fasica en vivo"],"inLanguage":"es-AR"},{"@type":"WebPage","@id":"https:\/\/www.santafeciudad.gov.ar\/capitalcultural\/cantata-sudamericana\/","url":"https:\/\/www.santafeciudad.gov.ar\/capitalcultural\/cantata-sudamericana\/","name":"Cantata Sudamericana - Capital Cultural","isPartOf":{"@id":"https:\/\/www.santafeciudad.gov.ar\/capitalcultural\/#website"},"primaryImageOfPage":{"@id":"https:\/\/www.santafeciudad.gov.ar\/capitalcultural\/cantata-sudamericana\/#primaryimage"},"image":{"@id":"https:\/\/www.santafeciudad.gov.ar\/capitalcultural\/cantata-sudamericana\/#primaryimage"},"thumbnailUrl":"https:\/\/www.santafeciudad.gov.ar\/capitalcultural\/wp-content\/uploads\/2021\/09\/Ariel-Ramirez_logo-150x150.jpg","datePublished":"2021-09-28T20:51:07+00:00","dateModified":"2021-10-05T16:55:56+00:00","breadcrumb":{"@id":"https:\/\/www.santafeciudad.gov.ar\/capitalcultural\/cantata-sudamericana\/#breadcrumb"},"inLanguage":"es-AR","potentialAction":[{"@type":"ReadAction","target":["https:\/\/www.santafeciudad.gov.ar\/capitalcultural\/cantata-sudamericana\/"]}]},{"@type":"ImageObject","inLanguage":"es-AR","@id":"https:\/\/www.santafeciudad.gov.ar\/capitalcultural\/cantata-sudamericana\/#primaryimage","url":"https:\/\/www.santafeciudad.gov.ar\/capitalcultural\/wp-content\/uploads\/2021\/09\/Ariel-Ramirez_logo.jpg","contentUrl":"https:\/\/www.santafeciudad.gov.ar\/capitalcultural\/wp-content\/uploads\/2021\/09\/Ariel-Ramirez_logo.jpg","width":1080,"height":1080},{"@type":"BreadcrumbList","@id":"https:\/\/www.santafeciudad.gov.ar\/capitalcultural\/cantata-sudamericana\/#breadcrumb","itemListElement":[{"@type":"ListItem","position":1,"name":"Inicio","item":"https:\/\/www.santafeciudad.gov.ar\/capitalcultural\/"},{"@type":"ListItem","position":2,"name":"Audio","item":"https:\/\/www.santafeciudad.gov.ar\/capitalcultural\/type\/audio\/"},{"@type":"ListItem","position":3,"name":"Cantata Sudamericana"}]},{"@type":"WebSite","@id":"https:\/\/www.santafeciudad.gov.ar\/capitalcultural\/#website","url":"https:\/\/www.santafeciudad.gov.ar\/capitalcultural\/","name":"Capital Cultural","description":"Secretaria de Cultura","publisher":{"@id":"https:\/\/www.santafeciudad.gov.ar\/capitalcultural\/#organization"},"potentialAction":[{"@type":"SearchAction","target":{"@type":"EntryPoint","urlTemplate":"https:\/\/www.santafeciudad.gov.ar\/capitalcultural\/?s={search_term_string}"},"query-input":{"@type":"PropertyValueSpecification","valueRequired":true,"valueName":"search_term_string"}}],"inLanguage":"es-AR"},{"@type":"Organization","@id":"https:\/\/www.santafeciudad.gov.ar\/capitalcultural\/#organization","name":"Municipalidad de la ciudad de Santa Fe","alternateName":"Municipalidad de Santa Fe","url":"https:\/\/www.santafeciudad.gov.ar\/capitalcultural\/","logo":{"@type":"ImageObject","inLanguage":"es-AR","@id":"https:\/\/www.santafeciudad.gov.ar\/capitalcultural\/#\/schema\/logo\/image\/","url":"https:\/\/www.santafeciudad.gov.ar\/capitalcultural\/wp-content\/uploads\/2020\/06\/SantaFeCapital_Logo_800x400-e1591880179119.png","contentUrl":"https:\/\/www.santafeciudad.gov.ar\/capitalcultural\/wp-content\/uploads\/2020\/06\/SantaFeCapital_Logo_800x400-e1591880179119.png","width":400,"height":200,"caption":"Municipalidad de la ciudad de Santa Fe"},"image":{"@id":"https:\/\/www.santafeciudad.gov.ar\/capitalcultural\/#\/schema\/logo\/image\/"},"sameAs":["https:\/\/www.facebook.com\/SantaFeCapitalok\/","https:\/\/x.com\/_SantaFeCapital","https:\/\/www.instagram.com\/cultura.santafecapital\/"]},{"@type":"Person","@id":"https:\/\/www.santafeciudad.gov.ar\/capitalcultural\/#\/schema\/person\/7f35c80f3615b859797fcf3acc28bfe8","name":"Esteban Maximiliano C\u00f3rdoba","image":{"@type":"ImageObject","inLanguage":"es-AR","@id":"https:\/\/secure.gravatar.com\/avatar\/4f9a63466c8d617e4245f5fc4d4b86edce651b2c07d94cfc85ca3c87579a24d1?s=96&d=mm&r=g","url":"https:\/\/secure.gravatar.com\/avatar\/4f9a63466c8d617e4245f5fc4d4b86edce651b2c07d94cfc85ca3c87579a24d1?s=96&d=mm&r=g","contentUrl":"https:\/\/secure.gravatar.com\/avatar\/4f9a63466c8d617e4245f5fc4d4b86edce651b2c07d94cfc85ca3c87579a24d1?s=96&d=mm&r=g","caption":"Esteban Maximiliano C\u00f3rdoba"},"url":"https:\/\/www.santafeciudad.gov.ar\/capitalcultural\/author\/ecordoba\/"}]}},"_links":{"self":[{"href":"https:\/\/www.santafeciudad.gov.ar\/capitalcultural\/wp-json\/wp\/v2\/posts\/15498","targetHints":{"allow":["GET"]}}],"collection":[{"href":"https:\/\/www.santafeciudad.gov.ar\/capitalcultural\/wp-json\/wp\/v2\/posts"}],"about":[{"href":"https:\/\/www.santafeciudad.gov.ar\/capitalcultural\/wp-json\/wp\/v2\/types\/post"}],"author":[{"embeddable":true,"href":"https:\/\/www.santafeciudad.gov.ar\/capitalcultural\/wp-json\/wp\/v2\/users\/3"}],"replies":[{"embeddable":true,"href":"https:\/\/www.santafeciudad.gov.ar\/capitalcultural\/wp-json\/wp\/v2\/comments?post=15498"}],"version-history":[{"count":34,"href":"https:\/\/www.santafeciudad.gov.ar\/capitalcultural\/wp-json\/wp\/v2\/posts\/15498\/revisions"}],"predecessor-version":[{"id":15841,"href":"https:\/\/www.santafeciudad.gov.ar\/capitalcultural\/wp-json\/wp\/v2\/posts\/15498\/revisions\/15841"}],"wp:attachment":[{"href":"https:\/\/www.santafeciudad.gov.ar\/capitalcultural\/wp-json\/wp\/v2\/media?parent=15498"}],"wp:term":[{"taxonomy":"category","embeddable":true,"href":"https:\/\/www.santafeciudad.gov.ar\/capitalcultural\/wp-json\/wp\/v2\/categories?post=15498"},{"taxonomy":"post_tag","embeddable":true,"href":"https:\/\/www.santafeciudad.gov.ar\/capitalcultural\/wp-json\/wp\/v2\/tags?post=15498"}],"curies":[{"name":"wp","href":"https:\/\/api.w.org\/{rel}","templated":true}]}}