{"id":4943,"date":"2020-09-27T18:59:00","date_gmt":"2020-09-27T21:59:00","guid":{"rendered":"https:\/\/www.santafeciudad.gov.ar\/capitalcultural\/?p=4943"},"modified":"2026-08-06T11:40:37","modified_gmt":"2026-08-06T14:40:37","slug":"dia-del-cine-santafesino","status":"publish","type":"post","link":"https:\/\/www.santafeciudad.gov.ar\/capitalcultural\/dia-del-cine-santafesino\/","title":{"rendered":"D\u00eda del Cine Santafesino"},"content":{"rendered":"\t\t<div data-elementor-type=\"wp-post\" data-elementor-id=\"4943\" class=\"elementor elementor-4943\">\n\t\t\t\t\t\t<section class=\"elementor-section elementor-top-section elementor-element elementor-element-b36e7a6 elementor-section-boxed elementor-section-height-default elementor-section-height-default\" data-id=\"b36e7a6\" data-element_type=\"section\" data-e-type=\"section\">\n\t\t\t\t\t\t<div class=\"elementor-container elementor-column-gap-default\">\n\t\t\t\t\t<div class=\"elementor-column elementor-col-100 elementor-top-column elementor-element elementor-element-b1b351a\" data-id=\"b1b351a\" data-element_type=\"column\" data-e-type=\"column\">\n\t\t\t<div class=\"elementor-widget-wrap elementor-element-populated\">\n\t\t\t\t\t\t<div class=\"elementor-element elementor-element-028c9f3 elementor-widget elementor-widget-html\" data-id=\"028c9f3\" data-element_type=\"widget\" data-e-type=\"widget\" data-widget_type=\"html.default\">\n\t\t\t\t<div class=\"elementor-widget-container\">\n\t\t\t\t\t<section class=\"cc-hoycine\">\n\n    <div class=\"cc-hoycine__contenedor\">\n\n        <div class=\"cc-hoycine__contenido\">\n\n            <h2>\n                Hoy-Cine-Hoy (1965)\n            <\/h2>\n\n            <p>\n                A mediados de la d\u00e9cada de 1960, un grupo de estudiantes de cine se propuso\n                retratar el oficio de <strong>Miguel<\/strong>, un proyeccionista itinerante que\n                llevaba el cine a los pueblos del interior santafesino. El resultado fue el\n                cortometraje documental <strong>Hoy-Cine-Hoy<\/strong>, dirigido por\n                <strong>Diego Bonacina<\/strong> y filmado en las localidades de\n                <strong>Gr\u00fctly<\/strong> y <strong>Llambi Campbell<\/strong>.\n            <\/p>\n\n            <p>\n                Pantalla P\u00fablica recupera esta obra junto con una serie de entrevistas\n                exclusivas a integrantes de su equipo original:\n                <strong>Jorge Goldenberg<\/strong>,\n                <strong>Luis Pr\u00edamo<\/strong>,\n                <strong>Carlos Gramaglia<\/strong> y\n                <strong>Gustavo Moris<\/strong>. Tambi\u00e9n participa\n                <strong>Fernando Mart\u00edn Pe\u00f1a<\/strong>, quien localiz\u00f3 y preserv\u00f3 el cortometraje\n                en el archivo de Filmoteca Buenos Aires, permitiendo que vuelva a ponerse a\n                disposici\u00f3n del p\u00fablico.\n            <\/p>\n\n            <div class=\"cc-hoycine__datos\">\n\n                <div>\n                    <strong>Pel\u00edcula<\/strong>\n                    <span><em>Hoy-Cine-Hoy<\/em> \u00b7 Argentina \u00b7 1965 \u00b7 Duraci\u00f3n: 22 minutos.<\/span>\n                <\/div>\n\n                <div>\n                    <strong>Direcci\u00f3n<\/strong>\n                    <span>Diego Bonacina, con la colaboraci\u00f3n de Jorge Goldenberg, Olinto Taverna y Luis Pr\u00edamo.<\/span>\n                <\/div>\n\n                <div>\n                    <strong>Producci\u00f3n original<\/strong>\n                    <span>Cine Club Santa Fe.<\/span>\n                <\/div>\n\n                <div>\n                    <strong>Investigaci\u00f3n y entrevistas<\/strong>\n                    <span>Cecilia Volken, Maril\u00edn P\u00e9rez, Guillermo Arch, Diego Pratto y Pablo Bertoldi.<\/span>\n                <\/div>\n\n                <div>\n                    <strong>Realizaci\u00f3n del proyecto<\/strong>\n                    <span>Cecilia Volken y Diego Pratto.<\/span>\n                <\/div>\n\n                <div>\n                    <strong>Valor patrimonial<\/strong>\n                    <span>La recuperaci\u00f3n del material permite preservar una obra clave del cine documental santafesino y poner nuevamente en circulaci\u00f3n un valioso testimonio sobre la historia de la exhibici\u00f3n cinematogr\u00e1fica en la provincia.<\/span>\n                <\/div>\n\n            <\/div>\n\n        <\/div>\n\n        <div class=\"cc-hoycine__video\">\n\n            <iframe\n                src=\"https:\/\/www.youtube.com\/embed\/VqQ0yMNret8\"\n                title=\"Hoy-Cine-Hoy (1965)\"\n                allowfullscreen>\n            <\/iframe>\n\n        <\/div>\n\n    <\/div>\n\n<\/section>\n\n<style>\n    \n    .cc-hoycine__contenedor{\n\n    margin:auto;\n    display:grid;\n    grid-template-columns:1.15fr 1fr;\n    gap:50px;\n    align-items:start;\n\n}\n\n.cc-hoycine h2{\n\n    margin:0 0 24px;\n    font-size:20px;\n    line-height:1.5;\n    color:#002751;\n\n}\n\n.cc-hoycine p{\n\n    margin-bottom:18px;\n    font-size:15px;\n    line-height:1.5;\n    color:#4b5b63;\n\n}\n\n.cc-hoycine strong{\n\n    color:#002751;\n\n}\n\n.cc-hoycine__datos{\n\n    margin-top:28px;\n    display:grid;\n    gap:10px;\n\n}\n\n.cc-hoycine__datos div{\n\n    display:flex;\n    align-items:center;\n    flex-wrap:wrap;\n    gap:8px;\n    background:#fff;\n    border-left:4px solid #00C08B;\n    padding:10px 14px;\n    border-radius:4px;\n    box-shadow:0 3px 10px rgba(0,0,0,.05);\n\n}\n\n.cc-hoycine__datos strong{\n\n    color:#002751;\n    font-size:14px;\n    font-weight:700;\n    margin:0;\n    min-width:170px;\n\n}\n\n.cc-hoycine__datos span{\n\n    flex:1;\n    color:#55646c;\n    font-size:14px;\n    line-height:1.5;\n\n}\n\n.cc-hoycine__video iframe{\n\n    width:100%;\n    aspect-ratio:16\/9;\n    border:0;\n    border-radius:4px;\n    box-shadow:0 12px 30px rgba(0,0,0,.12);\n\n}\n\n@media(max-width:900px){\n\n    .cc-hoycine__contenedor{\n\n        grid-template-columns:1fr;\n        gap:35px;\n\n    }\n\n    .cc-hoycine h2{\n\n        font-size:20px;\n\n    }\n\n}\n\n@media(max-width:600px){\n\n    .cc-hoycine h2{\n\n        font-size:20px;\n\n    }\n\n    .cc-hoycine p{\n\n        font-size:15px;\n\n    }\n\n    .cc-hoycine__datos div{\n\n        display:block;\n        line-height:1.5;\n\n    }\n\n    .cc-hoycine__datos strong{\n\n        display:block;\n        margin-bottom:6px;\n        min-width:auto;\n\n    }\n\n}\n<\/style>\t\t\t\t<\/div>\n\t\t\t\t<\/div>\n\t\t\t\t\t<\/div>\n\t\t<\/div>\n\t\t\t\t\t<\/div>\n\t\t<\/section>\n\t\t\t\t<\/div>\n\t\t","protected":false},"excerpt":{"rendered":"<p>Hoy-Cine-Hoy (1965) A mediados de la d\u00e9cada de 1960, un grupo de estudiantes de cine se propuso retratar el oficio [&hellip;]<\/p>\n","protected":false},"author":3,"featured_media":4944,"comment_status":"closed","ping_status":"closed","sticky":false,"template":"elementor_header_footer","format":"standard","meta":{"site-sidebar-layout":"default","site-content-layout":"","ast-site-content-layout":"full-width-container","site-content-style":"default","site-sidebar-style":"default","ast-global-header-display":"","ast-banner-title-visibility":"","ast-main-header-display":"","ast-hfb-above-header-display":"","ast-hfb-below-header-display":"","ast-hfb-mobile-header-display":"","site-post-title":"","ast-breadcrumbs-content":"","ast-featured-img":"","footer-sml-layout":"","ast-disable-related-posts":"","theme-transparent-header-meta":"","adv-header-id-meta":"","stick-header-meta":"","header-above-stick-meta":"","header-main-stick-meta":"","header-below-stick-meta":"","astra-migrate-meta-layouts":"default","ast-page-background-enabled":"default","ast-page-background-meta":{"desktop":{"background-color":"var(--ast-global-color-5)","background-image":"","background-repeat":"repeat","background-position":"center center","background-size":"auto","background-attachment":"scroll","background-type":"","background-media":"","overlay-type":"","overlay-color":"","overlay-opacity":"","overlay-gradient":""},"tablet":{"background-color":"","background-image":"","background-repeat":"repeat","background-position":"center center","background-size":"auto","background-attachment":"scroll","background-type":"","background-media":"","overlay-type":"","overlay-color":"","overlay-opacity":"","overlay-gradient":""},"mobile":{"background-color":"","background-image":"","background-repeat":"repeat","background-position":"center center","background-size":"auto","background-attachment":"scroll","background-type":"","background-media":"","overlay-type":"","overlay-color":"","overlay-opacity":"","overlay-gradient":""}},"ast-content-background-meta":{"desktop":{"background-color":"var(--ast-global-color-4)","background-image":"","background-repeat":"repeat","background-position":"center center","background-size":"auto","background-attachment":"scroll","background-type":"","background-media":"","overlay-type":"","overlay-color":"","overlay-opacity":"","overlay-gradient":""},"tablet":{"background-color":"var(--ast-global-color-4)","background-image":"","background-repeat":"repeat","background-position":"center center","background-size":"auto","background-attachment":"scroll","background-type":"","background-media":"","overlay-type":"","overlay-color":"","overlay-opacity":"","overlay-gradient":""},"mobile":{"background-color":"var(--ast-global-color-4)","background-image":"","background-repeat":"repeat","background-position":"center center","background-size":"auto","background-attachment":"scroll","background-type":"","background-media":"","overlay-type":"","overlay-color":"","overlay-opacity":"","overlay-gradient":""}},"footnotes":""},"categories":[266],"tags":[],"class_list":["post-4943","post","type-post","status-publish","format-standard","has-post-thumbnail","hentry","category-pantallapublica"],"yoast_head":"<!-- This site is optimized with the Yoast SEO plugin v28.2 - https:\/\/yoast.com\/product\/yoast-seo-wordpress\/ -->\n<title>D\u00eda del Cine Santafesino - Capital Cultural<\/title>\n<meta name=\"robots\" content=\"index, follow, max-snippet:-1, max-image-preview:large, max-video-preview:-1\" \/>\n<link rel=\"canonical\" href=\"https:\/\/www.santafeciudad.gov.ar\/capitalcultural\/dia-del-cine-santafesino\/\" \/>\n<meta property=\"og:locale\" content=\"es_ES\" \/>\n<meta property=\"og:type\" content=\"article\" \/>\n<meta property=\"og:title\" content=\"D\u00eda del Cine Santafesino - Capital Cultural\" \/>\n<meta property=\"og:description\" content=\"Hoy-Cine-Hoy (1965) A mediados de la d\u00e9cada de 1960, un grupo de estudiantes de cine se propuso retratar el oficio [&hellip;]\" \/>\n<meta property=\"og:url\" content=\"https:\/\/www.santafeciudad.gov.ar\/capitalcultural\/dia-del-cine-santafesino\/\" \/>\n<meta property=\"og:site_name\" content=\"Capital Cultural\" \/>\n<meta property=\"article:publisher\" content=\"https:\/\/www.facebook.com\/SantaFeCapitalok\/\" \/>\n<meta property=\"article:published_time\" content=\"2020-09-27T21:59:00+00:00\" \/>\n<meta property=\"article:modified_time\" content=\"2026-08-06T14:40:37+00:00\" \/>\n<meta property=\"og:image\" content=\"https:\/\/www.santafeciudad.gov.ar\/capitalcultural\/wp-content\/uploads\/2020\/09\/350x250_cinesanta.jpg\" \/>\n\t<meta property=\"og:image:width\" content=\"350\" \/>\n\t<meta property=\"og:image:height\" content=\"250\" \/>\n\t<meta property=\"og:image:type\" content=\"image\/jpeg\" \/>\n<meta name=\"author\" content=\"Esteban Maximiliano C\u00f3rdoba\" \/>\n<meta name=\"twitter:card\" content=\"summary_large_image\" \/>\n<meta name=\"twitter:creator\" content=\"@_SantaFeCapital\" \/>\n<meta name=\"twitter:site\" content=\"@_SantaFeCapital\" \/>\n<meta name=\"twitter:label1\" content=\"Escrito por\" \/>\n\t<meta name=\"twitter:data1\" content=\"Esteban Maximiliano C\u00f3rdoba\" \/>\n\t<meta name=\"twitter:label2\" content=\"Tiempo de lectura\" \/>\n\t<meta name=\"twitter:data2\" content=\"1 minuto\" \/>\n<script type=\"application\/ld+json\" class=\"yoast-schema-graph\">{\"@context\":\"https:\\\/\\\/schema.org\",\"@graph\":[{\"@type\":[\"Article\",\"SocialMediaPosting\"],\"@id\":\"https:\\\/\\\/www.santafeciudad.gov.ar\\\/capitalcultural\\\/dia-del-cine-santafesino\\\/#article\",\"isPartOf\":{\"@id\":\"https:\\\/\\\/www.santafeciudad.gov.ar\\\/capitalcultural\\\/dia-del-cine-santafesino\\\/\"},\"author\":{\"name\":\"Esteban Maximiliano C\u00f3rdoba\",\"@id\":\"https:\\\/\\\/www.santafeciudad.gov.ar\\\/capitalcultural\\\/#\\\/schema\\\/person\\\/7f35c80f3615b859797fcf3acc28bfe8\"},\"headline\":\"D\u00eda del Cine Santafesino\",\"datePublished\":\"2020-09-27T21:59:00+00:00\",\"dateModified\":\"2026-08-06T14:40:37+00:00\",\"mainEntityOfPage\":{\"@id\":\"https:\\\/\\\/www.santafeciudad.gov.ar\\\/capitalcultural\\\/dia-del-cine-santafesino\\\/\"},\"wordCount\":216,\"publisher\":{\"@id\":\"https:\\\/\\\/www.santafeciudad.gov.ar\\\/capitalcultural\\\/#organization\"},\"image\":{\"@id\":\"https:\\\/\\\/www.santafeciudad.gov.ar\\\/capitalcultural\\\/dia-del-cine-santafesino\\\/#primaryimage\"},\"thumbnailUrl\":\"https:\\\/\\\/www.santafeciudad.gov.ar\\\/capitalcultural\\\/wp-content\\\/uploads\\\/2020\\\/09\\\/350x250_cinesanta.jpg\",\"articleSection\":[\"Pantalla P\u00fablica\"],\"inLanguage\":\"es-AR\"},{\"@type\":\"WebPage\",\"@id\":\"https:\\\/\\\/www.santafeciudad.gov.ar\\\/capitalcultural\\\/dia-del-cine-santafesino\\\/\",\"url\":\"https:\\\/\\\/www.santafeciudad.gov.ar\\\/capitalcultural\\\/dia-del-cine-santafesino\\\/\",\"name\":\"D\u00eda del Cine Santafesino - Capital Cultural\",\"isPartOf\":{\"@id\":\"https:\\\/\\\/www.santafeciudad.gov.ar\\\/capitalcultural\\\/#website\"},\"primaryImageOfPage\":{\"@id\":\"https:\\\/\\\/www.santafeciudad.gov.ar\\\/capitalcultural\\\/dia-del-cine-santafesino\\\/#primaryimage\"},\"image\":{\"@id\":\"https:\\\/\\\/www.santafeciudad.gov.ar\\\/capitalcultural\\\/dia-del-cine-santafesino\\\/#primaryimage\"},\"thumbnailUrl\":\"https:\\\/\\\/www.santafeciudad.gov.ar\\\/capitalcultural\\\/wp-content\\\/uploads\\\/2020\\\/09\\\/350x250_cinesanta.jpg\",\"datePublished\":\"2020-09-27T21:59:00+00:00\",\"dateModified\":\"2026-08-06T14:40:37+00:00\",\"breadcrumb\":{\"@id\":\"https:\\\/\\\/www.santafeciudad.gov.ar\\\/capitalcultural\\\/dia-del-cine-santafesino\\\/#breadcrumb\"},\"inLanguage\":\"es-AR\",\"potentialAction\":[{\"@type\":\"ReadAction\",\"target\":[\"https:\\\/\\\/www.santafeciudad.gov.ar\\\/capitalcultural\\\/dia-del-cine-santafesino\\\/\"]}]},{\"@type\":\"ImageObject\",\"inLanguage\":\"es-AR\",\"@id\":\"https:\\\/\\\/www.santafeciudad.gov.ar\\\/capitalcultural\\\/dia-del-cine-santafesino\\\/#primaryimage\",\"url\":\"https:\\\/\\\/www.santafeciudad.gov.ar\\\/capitalcultural\\\/wp-content\\\/uploads\\\/2020\\\/09\\\/350x250_cinesanta.jpg\",\"contentUrl\":\"https:\\\/\\\/www.santafeciudad.gov.ar\\\/capitalcultural\\\/wp-content\\\/uploads\\\/2020\\\/09\\\/350x250_cinesanta.jpg\",\"width\":350,\"height\":250},{\"@type\":\"BreadcrumbList\",\"@id\":\"https:\\\/\\\/www.santafeciudad.gov.ar\\\/capitalcultural\\\/dia-del-cine-santafesino\\\/#breadcrumb\",\"itemListElement\":[{\"@type\":\"ListItem\",\"position\":1,\"name\":\"Inicio\",\"item\":\"https:\\\/\\\/www.santafeciudad.gov.ar\\\/capitalcultural\\\/\"},{\"@type\":\"ListItem\",\"position\":2,\"name\":\"D\u00eda del Cine Santafesino\"}]},{\"@type\":\"WebSite\",\"@id\":\"https:\\\/\\\/www.santafeciudad.gov.ar\\\/capitalcultural\\\/#website\",\"url\":\"https:\\\/\\\/www.santafeciudad.gov.ar\\\/capitalcultural\\\/\",\"name\":\"Capital Cultural\",\"description\":\"Secretaria de Cultura\",\"publisher\":{\"@id\":\"https:\\\/\\\/www.santafeciudad.gov.ar\\\/capitalcultural\\\/#organization\"},\"potentialAction\":[{\"@type\":\"SearchAction\",\"target\":{\"@type\":\"EntryPoint\",\"urlTemplate\":\"https:\\\/\\\/www.santafeciudad.gov.ar\\\/capitalcultural\\\/?s={search_term_string}\"},\"query-input\":{\"@type\":\"PropertyValueSpecification\",\"valueRequired\":true,\"valueName\":\"search_term_string\"}}],\"inLanguage\":\"es-AR\"},{\"@type\":\"Organization\",\"@id\":\"https:\\\/\\\/www.santafeciudad.gov.ar\\\/capitalcultural\\\/#organization\",\"name\":\"Municipalidad de la ciudad de Santa Fe\",\"alternateName\":\"Municipalidad de Santa Fe\",\"url\":\"https:\\\/\\\/www.santafeciudad.gov.ar\\\/capitalcultural\\\/\",\"logo\":{\"@type\":\"ImageObject\",\"inLanguage\":\"es-AR\",\"@id\":\"https:\\\/\\\/www.santafeciudad.gov.ar\\\/capitalcultural\\\/#\\\/schema\\\/logo\\\/image\\\/\",\"url\":\"https:\\\/\\\/www.santafeciudad.gov.ar\\\/capitalcultural\\\/wp-content\\\/uploads\\\/2020\\\/06\\\/SantaFeCapital_Logo_800x400-e1591880179119.png\",\"contentUrl\":\"https:\\\/\\\/www.santafeciudad.gov.ar\\\/capitalcultural\\\/wp-content\\\/uploads\\\/2020\\\/06\\\/SantaFeCapital_Logo_800x400-e1591880179119.png\",\"width\":400,\"height\":200,\"caption\":\"Municipalidad de la ciudad de Santa Fe\"},\"image\":{\"@id\":\"https:\\\/\\\/www.santafeciudad.gov.ar\\\/capitalcultural\\\/#\\\/schema\\\/logo\\\/image\\\/\"},\"sameAs\":[\"https:\\\/\\\/www.facebook.com\\\/SantaFeCapitalok\\\/\",\"https:\\\/\\\/x.com\\\/_SantaFeCapital\",\"https:\\\/\\\/www.instagram.com\\\/cultura.santafecapital\\\/\"]},{\"@type\":\"Person\",\"@id\":\"https:\\\/\\\/www.santafeciudad.gov.ar\\\/capitalcultural\\\/#\\\/schema\\\/person\\\/7f35c80f3615b859797fcf3acc28bfe8\",\"name\":\"Esteban Maximiliano C\u00f3rdoba\",\"image\":{\"@type\":\"ImageObject\",\"inLanguage\":\"es-AR\",\"@id\":\"https:\\\/\\\/secure.gravatar.com\\\/avatar\\\/4f9a63466c8d617e4245f5fc4d4b86edce651b2c07d94cfc85ca3c87579a24d1?s=96&d=mm&r=g\",\"url\":\"https:\\\/\\\/secure.gravatar.com\\\/avatar\\\/4f9a63466c8d617e4245f5fc4d4b86edce651b2c07d94cfc85ca3c87579a24d1?s=96&d=mm&r=g\",\"contentUrl\":\"https:\\\/\\\/secure.gravatar.com\\\/avatar\\\/4f9a63466c8d617e4245f5fc4d4b86edce651b2c07d94cfc85ca3c87579a24d1?s=96&d=mm&r=g\",\"caption\":\"Esteban Maximiliano C\u00f3rdoba\"},\"url\":\"https:\\\/\\\/www.santafeciudad.gov.ar\\\/capitalcultural\\\/author\\\/ecordoba\\\/\"}]}<\/script>\n<!-- \/ Yoast SEO plugin. -->","yoast_head_json":{"title":"D\u00eda del Cine Santafesino - Capital Cultural","robots":{"index":"index","follow":"follow","max-snippet":"max-snippet:-1","max-image-preview":"max-image-preview:large","max-video-preview":"max-video-preview:-1"},"canonical":"https:\/\/www.santafeciudad.gov.ar\/capitalcultural\/dia-del-cine-santafesino\/","og_locale":"es_ES","og_type":"article","og_title":"D\u00eda del Cine Santafesino - Capital Cultural","og_description":"Hoy-Cine-Hoy (1965) A mediados de la d\u00e9cada de 1960, un grupo de estudiantes de cine se propuso retratar el oficio [&hellip;]","og_url":"https:\/\/www.santafeciudad.gov.ar\/capitalcultural\/dia-del-cine-santafesino\/","og_site_name":"Capital Cultural","article_publisher":"https:\/\/www.facebook.com\/SantaFeCapitalok\/","article_published_time":"2020-09-27T21:59:00+00:00","article_modified_time":"2026-08-06T14:40:37+00:00","og_image":[{"width":350,"height":250,"url":"https:\/\/www.santafeciudad.gov.ar\/capitalcultural\/wp-content\/uploads\/2020\/09\/350x250_cinesanta.jpg","type":"image\/jpeg"}],"author":"Esteban Maximiliano C\u00f3rdoba","twitter_card":"summary_large_image","twitter_creator":"@_SantaFeCapital","twitter_site":"@_SantaFeCapital","twitter_misc":{"Escrito por":"Esteban Maximiliano C\u00f3rdoba","Tiempo de lectura":"1 minuto"},"schema":{"@context":"https:\/\/schema.org","@graph":[{"@type":["Article","SocialMediaPosting"],"@id":"https:\/\/www.santafeciudad.gov.ar\/capitalcultural\/dia-del-cine-santafesino\/#article","isPartOf":{"@id":"https:\/\/www.santafeciudad.gov.ar\/capitalcultural\/dia-del-cine-santafesino\/"},"author":{"name":"Esteban Maximiliano C\u00f3rdoba","@id":"https:\/\/www.santafeciudad.gov.ar\/capitalcultural\/#\/schema\/person\/7f35c80f3615b859797fcf3acc28bfe8"},"headline":"D\u00eda del Cine Santafesino","datePublished":"2020-09-27T21:59:00+00:00","dateModified":"2026-08-06T14:40:37+00:00","mainEntityOfPage":{"@id":"https:\/\/www.santafeciudad.gov.ar\/capitalcultural\/dia-del-cine-santafesino\/"},"wordCount":216,"publisher":{"@id":"https:\/\/www.santafeciudad.gov.ar\/capitalcultural\/#organization"},"image":{"@id":"https:\/\/www.santafeciudad.gov.ar\/capitalcultural\/dia-del-cine-santafesino\/#primaryimage"},"thumbnailUrl":"https:\/\/www.santafeciudad.gov.ar\/capitalcultural\/wp-content\/uploads\/2020\/09\/350x250_cinesanta.jpg","articleSection":["Pantalla P\u00fablica"],"inLanguage":"es-AR"},{"@type":"WebPage","@id":"https:\/\/www.santafeciudad.gov.ar\/capitalcultural\/dia-del-cine-santafesino\/","url":"https:\/\/www.santafeciudad.gov.ar\/capitalcultural\/dia-del-cine-santafesino\/","name":"D\u00eda del Cine Santafesino - Capital Cultural","isPartOf":{"@id":"https:\/\/www.santafeciudad.gov.ar\/capitalcultural\/#website"},"primaryImageOfPage":{"@id":"https:\/\/www.santafeciudad.gov.ar\/capitalcultural\/dia-del-cine-santafesino\/#primaryimage"},"image":{"@id":"https:\/\/www.santafeciudad.gov.ar\/capitalcultural\/dia-del-cine-santafesino\/#primaryimage"},"thumbnailUrl":"https:\/\/www.santafeciudad.gov.ar\/capitalcultural\/wp-content\/uploads\/2020\/09\/350x250_cinesanta.jpg","datePublished":"2020-09-27T21:59:00+00:00","dateModified":"2026-08-06T14:40:37+00:00","breadcrumb":{"@id":"https:\/\/www.santafeciudad.gov.ar\/capitalcultural\/dia-del-cine-santafesino\/#breadcrumb"},"inLanguage":"es-AR","potentialAction":[{"@type":"ReadAction","target":["https:\/\/www.santafeciudad.gov.ar\/capitalcultural\/dia-del-cine-santafesino\/"]}]},{"@type":"ImageObject","inLanguage":"es-AR","@id":"https:\/\/www.santafeciudad.gov.ar\/capitalcultural\/dia-del-cine-santafesino\/#primaryimage","url":"https:\/\/www.santafeciudad.gov.ar\/capitalcultural\/wp-content\/uploads\/2020\/09\/350x250_cinesanta.jpg","contentUrl":"https:\/\/www.santafeciudad.gov.ar\/capitalcultural\/wp-content\/uploads\/2020\/09\/350x250_cinesanta.jpg","width":350,"height":250},{"@type":"BreadcrumbList","@id":"https:\/\/www.santafeciudad.gov.ar\/capitalcultural\/dia-del-cine-santafesino\/#breadcrumb","itemListElement":[{"@type":"ListItem","position":1,"name":"Inicio","item":"https:\/\/www.santafeciudad.gov.ar\/capitalcultural\/"},{"@type":"ListItem","position":2,"name":"D\u00eda del Cine Santafesino"}]},{"@type":"WebSite","@id":"https:\/\/www.santafeciudad.gov.ar\/capitalcultural\/#website","url":"https:\/\/www.santafeciudad.gov.ar\/capitalcultural\/","name":"Capital Cultural","description":"Secretaria de Cultura","publisher":{"@id":"https:\/\/www.santafeciudad.gov.ar\/capitalcultural\/#organization"},"potentialAction":[{"@type":"SearchAction","target":{"@type":"EntryPoint","urlTemplate":"https:\/\/www.santafeciudad.gov.ar\/capitalcultural\/?s={search_term_string}"},"query-input":{"@type":"PropertyValueSpecification","valueRequired":true,"valueName":"search_term_string"}}],"inLanguage":"es-AR"},{"@type":"Organization","@id":"https:\/\/www.santafeciudad.gov.ar\/capitalcultural\/#organization","name":"Municipalidad de la ciudad de Santa Fe","alternateName":"Municipalidad de Santa Fe","url":"https:\/\/www.santafeciudad.gov.ar\/capitalcultural\/","logo":{"@type":"ImageObject","inLanguage":"es-AR","@id":"https:\/\/www.santafeciudad.gov.ar\/capitalcultural\/#\/schema\/logo\/image\/","url":"https:\/\/www.santafeciudad.gov.ar\/capitalcultural\/wp-content\/uploads\/2020\/06\/SantaFeCapital_Logo_800x400-e1591880179119.png","contentUrl":"https:\/\/www.santafeciudad.gov.ar\/capitalcultural\/wp-content\/uploads\/2020\/06\/SantaFeCapital_Logo_800x400-e1591880179119.png","width":400,"height":200,"caption":"Municipalidad de la ciudad de Santa Fe"},"image":{"@id":"https:\/\/www.santafeciudad.gov.ar\/capitalcultural\/#\/schema\/logo\/image\/"},"sameAs":["https:\/\/www.facebook.com\/SantaFeCapitalok\/","https:\/\/x.com\/_SantaFeCapital","https:\/\/www.instagram.com\/cultura.santafecapital\/"]},{"@type":"Person","@id":"https:\/\/www.santafeciudad.gov.ar\/capitalcultural\/#\/schema\/person\/7f35c80f3615b859797fcf3acc28bfe8","name":"Esteban Maximiliano C\u00f3rdoba","image":{"@type":"ImageObject","inLanguage":"es-AR","@id":"https:\/\/secure.gravatar.com\/avatar\/4f9a63466c8d617e4245f5fc4d4b86edce651b2c07d94cfc85ca3c87579a24d1?s=96&d=mm&r=g","url":"https:\/\/secure.gravatar.com\/avatar\/4f9a63466c8d617e4245f5fc4d4b86edce651b2c07d94cfc85ca3c87579a24d1?s=96&d=mm&r=g","contentUrl":"https:\/\/secure.gravatar.com\/avatar\/4f9a63466c8d617e4245f5fc4d4b86edce651b2c07d94cfc85ca3c87579a24d1?s=96&d=mm&r=g","caption":"Esteban Maximiliano C\u00f3rdoba"},"url":"https:\/\/www.santafeciudad.gov.ar\/capitalcultural\/author\/ecordoba\/"}]}},"_links":{"self":[{"href":"https:\/\/www.santafeciudad.gov.ar\/capitalcultural\/wp-json\/wp\/v2\/posts\/4943","targetHints":{"allow":["GET"]}}],"collection":[{"href":"https:\/\/www.santafeciudad.gov.ar\/capitalcultural\/wp-json\/wp\/v2\/posts"}],"about":[{"href":"https:\/\/www.santafeciudad.gov.ar\/capitalcultural\/wp-json\/wp\/v2\/types\/post"}],"author":[{"embeddable":true,"href":"https:\/\/www.santafeciudad.gov.ar\/capitalcultural\/wp-json\/wp\/v2\/users\/3"}],"replies":[{"embeddable":true,"href":"https:\/\/www.santafeciudad.gov.ar\/capitalcultural\/wp-json\/wp\/v2\/comments?post=4943"}],"version-history":[{"count":20,"href":"https:\/\/www.santafeciudad.gov.ar\/capitalcultural\/wp-json\/wp\/v2\/posts\/4943\/revisions"}],"predecessor-version":[{"id":31893,"href":"https:\/\/www.santafeciudad.gov.ar\/capitalcultural\/wp-json\/wp\/v2\/posts\/4943\/revisions\/31893"}],"wp:featuredmedia":[{"embeddable":true,"href":"https:\/\/www.santafeciudad.gov.ar\/capitalcultural\/wp-json\/wp\/v2\/media\/4944"}],"wp:attachment":[{"href":"https:\/\/www.santafeciudad.gov.ar\/capitalcultural\/wp-json\/wp\/v2\/media?parent=4943"}],"wp:term":[{"taxonomy":"category","embeddable":true,"href":"https:\/\/www.santafeciudad.gov.ar\/capitalcultural\/wp-json\/wp\/v2\/categories?post=4943"},{"taxonomy":"post_tag","embeddable":true,"href":"https:\/\/www.santafeciudad.gov.ar\/capitalcultural\/wp-json\/wp\/v2\/tags?post=4943"}],"curies":[{"name":"wp","href":"https:\/\/api.w.org\/{rel}","templated":true}]}}